{"id":1125,"date":"2008-01-01T11:04:27","date_gmt":"2008-01-01T17:04:27","guid":{"rendered":"http:\/\/livros.in.blog.br\/2008\/o-intoleravel-peso-da-feiura\/"},"modified":"2008-01-01T11:04:27","modified_gmt":"2008-01-01T17:04:27","slug":"o-intoleravel-peso-da-feiura","status":"publish","type":"post","link":"https:\/\/nalua.in\/blog\/o-intoleravel-peso-da-feiura\/","title":{"rendered":"O Intoler\u00e1vel Peso Da Fei\u00fara"},"content":{"rendered":"<p class=\"MsoNormal\" align=\"justify\"><strong><span style=\"font-size: 13.5pt;\"><a href=\"https:\/\/nalua.in\/blog\/wp-content\/uploads\/2008\/01\/intoleravelpesofeiura.jpg\"><img loading=\"lazy\" decoding=\"async\" class=\"alignleft wp-image-2725\" src=\"https:\/\/nalua.in\/blog\/wp-content\/uploads\/2008\/01\/intoleravelpesofeiura-667x1024.jpg\" alt=\"\" width=\"202\" height=\"310\" srcset=\"https:\/\/nalua.in\/blog\/wp-content\/uploads\/2008\/01\/intoleravelpesofeiura-667x1024.jpg 667w, https:\/\/nalua.in\/blog\/wp-content\/uploads\/2008\/01\/intoleravelpesofeiura-196x300.jpg 196w, https:\/\/nalua.in\/blog\/wp-content\/uploads\/2008\/01\/intoleravelpesofeiura.jpg 672w\" sizes=\"auto, (max-width: 202px) 100vw, 202px\" \/><\/a>O INTOLER\u00ed\u0081VEL PESO DA FEI\u00ed\u0161RA<\/span><\/strong><\/p>\n<p class=\"MsoNormal\" align=\"justify\"><strong class=\"autordetalhes\">JOANA DE VILHENA NOVAES<\/strong><\/p>\n<p>ISBN: 8576171090<br \/>\nEditora: EDITORA GARAMOND<br \/>\nN\u00famero de p\u00e1ginas: 272<br \/>\nEncaderna\u00e7\u00e3o: Brochura<br \/>\nEdi\u00e7\u00e3o: 2007<\/p>\n<p class=\"MsoNormal\" align=\"justify\">&#8220;Beleza \u00e9 artigo de primeira necessidade&#8221;: este \u00e9 o lema que perpassa os depoimentos das mulheres entrevistadas por Joana Vilhena ao longo dos dez anos de sua pesquisa de campo. Nas academias de malha\u00e7\u00e3o, nas antes-salas das cl\u00ed\u00adnicas de cirurgia pl\u00e1stica, ou nos grupos de pacientes a espera de gastroplastia redutora, h\u00e1 o consenso: &#8220;s\u00f3 \u00e9 feia quem quer&#8221;. E quem n\u00e3o quiser se enquadrar nos atuais c\u00e2nones de beleza sofrer\u00e1 o merecido castigo da rejei\u00e7\u00e3o e da exclus\u00e3o. Pois beleza e fei\u00fara nada t\u00eam de &#8220;natural&#8221;. S\u00e3o vivenciadas em termos morais, e lembra a autora que a fei\u00fara era vista, pelos antigos gregos, como reveladora de defeitos de car\u00e1ter. Na sociedade ocidental contempor\u00e2nea, que se define pela busca narcisista do gozo imediato e pelo abandono dos valores religiosos, culpa e pecado emigram para o terreno da modelagem do corpo.<\/p>\n<p class=\"MsoNormal\" align=\"justify\">Monique Augras.&nbsp;<a href=\"https:\/\/www.skoob.com.br\/o-intoleravel-peso-da-feiura-24474ed26604.html\" target=\"_blank\" rel=\"noopener noreferrer\">Veja<\/a><\/p>\n<hr \/>\n<p align=\"justify\">No decorrer da hist\u00f3ria das artes houve uma ruptura no conceito de um padr\u00e3o \u00fanico de est\u00e9tica. V\u00e1rios artistas sofreram por essa mudan\u00e7a, que significou um redesenho de todas as possibilidades de entendimento sobre a forma. Nas artes a tirania da figura-fundo e do desenho em perspectiva linear foi enfrentada, n\u00e3o sem pre\u00e7o, que o diga Van Gogh, permitindo para o mundo culto e erudito uma est\u00e9tica das possibilidades e da tend\u00eancia ao infinito pela multidiversidade.<br \/>\nNo entanto, nosso corpo, e em especial o corpo feminino, n\u00e3o experimentou essa ruptura est\u00e9tica. O texto de Joana Vilhena de Novaes nos fala desta tirania est\u00e9tica. Se numa viagem no tempo descobrimos que esta imposi\u00e7\u00e3o est\u00e9tica sobre o corpo ocorreu em v\u00e1rias \u00e9pocas, de diferentes maneiras, ela agravou-se no tempo de hoje.<br \/>\nJoana nos oferece uma dimens\u00e3o tr\u00e1gica desta tirania sofisticada do contempor\u00e2neo. Porque temos a possibilidade de modificarmos o nosso corpo com o desenvolvimento de uma infinidade de tecnologias, que v\u00e3o desde as tecnologias de educa\u00e7\u00e3o f\u00ed\u00adsica \u00ed\u00a0s cirurgias de corre\u00e7\u00e3o, a manuten\u00e7\u00e3o de um corpo n\u00e3p adequado passou a ser considerada socialmente como um desvio de car\u00e1ter e um ato de vontade.<br \/>\nA tirania est\u00e9tica atual transformou o corpo inadequado de outrora, que podia ser considerado no locus simb\u00f3lico do sujeito vitimizado, para um outro lugar, onde o sujeito passou a ser responsabilizado por n\u00e3o estar com seu corpo adequado.<br \/>\nA gravidade aumenta quando sabemos que no universo simb\u00f3lico o padr\u00e3o \u00e9 et\u00e9reo e dif\u00ed\u00adcil de ser objetivado e mensurado. A perfei\u00e7\u00e3o idealizada encontra na realidade sempre alguma imperfei\u00e7\u00e3o que, segundo a autora, obrigar\u00e3o o sujeito \u00ed\u00a0 submiss\u00e3o de uma bateria de esfor\u00e7os absolutamente insanos e cru\u00e9is, em busca de um modelo inalcan\u00e7\u00e1vel.<br \/>\nJoana Vilhena de Novaes \u00e9 uma cr\u00ed\u00adtica do comportamento contempor\u00e2neo e nos oferece um belo texto, permeado de uma ironia maravilhosa, que se oferece como um libelo de liberdade.<\/p>\n<p align=\"justify\">Ricardo Vieiralves de Castro<br \/>\nProfessor da UERJ<br \/>\nDiretor do Museu da Rep\u00fablica<\/p>\n<hr \/>\n<p align=\"justify\"><em>SOBRE A AUTORA<\/em><\/p>\n<p align=\"justify\"><em>Joana de Vilhena Novaes \u00e9 doutora em Psicologia Cl\u00ed\u00adnica pela PUC-Rio e coordenadora do N\u00facleo de Doen\u00e7as da Beleza do Laborat\u00f3rio Interdisciplinar de Pesquisa e Interven\u00e7\u00e3o Social (LIPIS) da Vice-Reitoria Comunit\u00e1ria da PUC-Rio. A autora \u00e9 tamb\u00e9m consultora de v\u00e1rias empresas para assuntos de est\u00e9tica feminina e possui consider\u00e1vel n\u00famero de artigos publicados em peri\u00f3dicos, revistas e jornais no Brasil e no exterior.<\/em><\/p>\n<p align=\"justify\">&nbsp;<\/p>\n","protected":false},"excerpt":{"rendered":"<p>O INTOLER\u00ed\u0081VEL PESO DA FEI\u00ed\u0161RA JOANA DE VILHENA NOVAES ISBN: 8576171090 Editora: EDITORA GARAMOND N\u00famero de p\u00e1ginas: 272 Encaderna\u00e7\u00e3o: Brochura Edi\u00e7\u00e3o: 2007 &#8220;Beleza \u00e9 artigo de primeira necessidade&#8221;: este \u00e9 o lema que perpassa os depoimentos das mulheres entrevistadas por Joana Vilhena ao longo dos dez anos de sua pesquisa de campo. Nas academias de &hellip; <a href=\"https:\/\/nalua.in\/blog\/o-intoleravel-peso-da-feiura\/\" class=\"more-link\">Continuar lendo <span class=\"screen-reader-text\">O Intoler\u00e1vel Peso Da Fei\u00fara<\/span><\/a><\/p>\n","protected":false},"author":1,"featured_media":0,"comment_status":"open","ping_status":"open","sticky":false,"template":"","format":"standard","meta":{"footnotes":""},"categories":[89,90,25,38,39,82],"tags":[],"class_list":["post-1125","post","type-post","status-publish","format-standard","hentry","category-corpo","category-dieta","category-feminino","category-leituras","category-lendo","category-sociologia"],"_links":{"self":[{"href":"https:\/\/nalua.in\/blog\/wp-json\/wp\/v2\/posts\/1125","targetHints":{"allow":["GET"]}}],"collection":[{"href":"https:\/\/nalua.in\/blog\/wp-json\/wp\/v2\/posts"}],"about":[{"href":"https:\/\/nalua.in\/blog\/wp-json\/wp\/v2\/types\/post"}],"author":[{"embeddable":true,"href":"https:\/\/nalua.in\/blog\/wp-json\/wp\/v2\/users\/1"}],"replies":[{"embeddable":true,"href":"https:\/\/nalua.in\/blog\/wp-json\/wp\/v2\/comments?post=1125"}],"version-history":[{"count":0,"href":"https:\/\/nalua.in\/blog\/wp-json\/wp\/v2\/posts\/1125\/revisions"}],"wp:attachment":[{"href":"https:\/\/nalua.in\/blog\/wp-json\/wp\/v2\/media?parent=1125"}],"wp:term":[{"taxonomy":"category","embeddable":true,"href":"https:\/\/nalua.in\/blog\/wp-json\/wp\/v2\/categories?post=1125"},{"taxonomy":"post_tag","embeddable":true,"href":"https:\/\/nalua.in\/blog\/wp-json\/wp\/v2\/tags?post=1125"}],"curies":[{"name":"wp","href":"https:\/\/api.w.org\/{rel}","templated":true}]}}