{"id":1121,"date":"2007-12-04T07:37:00","date_gmt":"2007-12-04T13:37:00","guid":{"rendered":"http:\/\/livros.in.blog.br\/2007\/meditacao-crista-uma-oracao-integradora\/"},"modified":"2007-12-04T07:37:00","modified_gmt":"2007-12-04T13:37:00","slug":"meditacao-crista-uma-oracao-integradora","status":"publish","type":"post","link":"https:\/\/nalua.in\/blog\/meditacao-crista-uma-oracao-integradora\/","title":{"rendered":"Medita\u00e7\u00e3o Crist\u00e3 &#8211; Uma Ora\u00e7\u00e3o Integradora"},"content":{"rendered":"<p><img loading=\"lazy\" decoding=\"async\" src=\"http:\/\/oslivros.files.wordpress.com\/2007\/12\/medita_crista.jpg\" alt=\"\" width=\"130\" height=\"205\" align=\"right\" \/><\/p>\n<p style=\"text-align: justify;\">Autor: Domingos Cunha, CSh<br \/>\nAcabamento: brochura<\/p>\n<p>Formato: 21 x 13,5 &#8211; p\u00e1ginas &#8211; R$10,00<br \/>\n\u00ed\u0081reas de interesse: Teologia, Espiritualidade.<br \/>\nP\u00fablico-alvo: leigos, religiosos, sacerdotes e interessados no assunto.<\/p>\n<p style=\"text-align: justify;\">NOVA OBRA INTRODUZ E ENCORAJA AS PESSOAS \u00ed\u20ac PR\u00ed\u0081TICA DA MEDITA\u00ed\u2021\u00ed\u0192O<\/p>\n<p style=\"text-align: justify;\">Em um mundo onde as pessoas vivem apressadas, estressadas, bombardeadas de informa\u00e7\u00f5es a todo o tempo e de todos os lados, a busca por um momento de paz e descanso se faz cada vez mais necess\u00e1ria. Reabastecer-se de energias positivas tem sido a busca de muitas pessoas, que aproveitam para, por meio da ora\u00e7\u00e3o, relaxar e elevar-se espiritualmente.<!--more--><br \/>\nMedita\u00e7\u00e3o Crist\u00e3 &#8211; uma ora\u00e7\u00e3o integradora \u00e9 o lan\u00e7amento que certamente impulsionar\u00e1 o leitor a adotar essa pr\u00e1tica di\u00e1ria de uni\u00e3o e intimidade com Deus, al\u00e9m de trazer paz e tranq\u00ed\u00bcilidade \u00ed\u00a0 alma. Conforme afirmou Dostoievski, &#8220;todo homem carrega dentro de si um vazio do tamanho de Deus&#8221;. A presente obra, justamente, vem ao encontro daqueles que desejam preencher esse vazio.<br \/>\nResgatar e difundir o significado da medita\u00e7\u00e3o crist\u00e3 foi a miss\u00e3o do monge ingl\u00eas John Main, nascido em Londres em 1926. Pertencente \u00ed\u00a0 Ordem de S\u00e3o Bento, ao estudar os escritos do monge Jo\u00e3o Cassiano (s\u00e9c. IV) e de outros contemplativos conhecidos como &#8220;Padres e Madres do deserto&#8221;, ele descobriu a conec\u00e7\u00e3o entre a repeti\u00e7\u00e3o e interioriza\u00e7\u00e3o de frases ou vers\u00ed\u00adculos da B\u00ed\u00adblia &#8211; presente na tradi\u00e7\u00e3o mon\u00e1stica crist\u00e3 &#8211; e a forma de medita\u00e7\u00e3o que aprendera no Oriente, por ocasi\u00e3o de sua experi\u00eancia espiritual na Mal\u00e1sia com um swami (monge indiano), quando ainda n\u00e3o era religioso beneditino.<br \/>\nGra\u00e7as \u00ed\u00a0 profundidade e \u00ed\u00a0 riqueza dessa maneira de rezar, os adeptos da medita\u00e7\u00e3o crist\u00e3 foram crescendo e, hoje, h\u00e1 v\u00e1rios centros de Medita\u00e7\u00e3o Crist\u00e3 e grupos de ora\u00e7\u00e3o semanal em diversas partes do mundo. Ap\u00f3s a morte de Dom John Main em 1982, outro beneditino ingl\u00eas, Dom Laurence Freeman tornou-se o seu sucessor e come\u00e7ou a viajar por todo o mundo, ensinando a medita\u00e7\u00e3o por meio de retiros, palestras e encontros de ora\u00e7\u00e3o.<br \/>\nDe maneira simples e completa, Domingos Cunha, autor de Medita\u00e7\u00e3o Crist\u00e3 &#8211; uma ora\u00e7\u00e3o integradora, introduz o leitor \u00ed\u00a0 fascinante realidade da medita\u00e7\u00e3o. Ao longo dos quatorze cap\u00ed\u00adtulos que constituem o livro, Cunha come\u00e7a apontando a necessidade da ora\u00e7\u00e3o, os significados do termo &#8220;medita\u00e7\u00e3o&#8221; e tamb\u00e9m um pouco da hist\u00f3ria da ora\u00e7\u00e3o mon\u00e1stica e tamb\u00e9m a import\u00e2ncia de alguns escritos que surgiram das experi\u00eancias espirituais e m\u00ed\u00adsticas de personagens importantes da Igreja.<br \/>\nAp\u00f3s constatar os preciosos esclarecimentos a respeito da diferen\u00e7a entre medita\u00e7\u00e3o e reflex\u00e3o, o que \u00e9 peculiar \u00ed\u00a0 medita\u00e7\u00e3o crist\u00e3 e \u00ed\u00a0 medita\u00e7\u00e3o oriental, as dificuldades que o praticante encontrar\u00e1 e os frutos desta pr\u00e1tica, o leitor certamente se sentir\u00e1 impelido a provar a medita\u00e7\u00e3o crist\u00e3 em sua vida e testemunhar sua experi\u00eancia.<br \/>\n&#8220;A medita\u00e7\u00e3o se configura como um tipo de ora\u00e7\u00e3o que integra as v\u00e1rias dimens\u00f5es da pessoa: f\u00ed\u00adsica, energ\u00e9tica, emocional, ps\u00ed\u00adquica, racional, espiritual (&#8230;) Sem d\u00favida, \u00e9 um jeito de rezar muito significativo para o nosso tempo, que anseia por perspectivas mais hol\u00ed\u00adsticas na compreens\u00e3o do ser humano&#8221;, afirma Domingos Cunha. Medita\u00e7\u00e3o Crist\u00e3 &#8211; uma ora\u00e7\u00e3o integradora \u00e9 a obra ideal n\u00e3o s\u00f3 para saber mais sobre essa profunda maneira de orar, mas sobretudo para fazer dela o caminho di\u00e1rio de uni\u00e3o com Deus.<\/p>\n<p style=\"text-align: justify;\">Domingos Cunha, padre da comunidade Shalom, nasceu em Portugal em 1963 e chegou ao Brasil em 1985. Completou os estudos teol\u00f3gicos no Instituto Teol\u00f3gico-Pastoral do Cear\u00e1 (ITEP), onde foi coordenador do curso proped\u00eautico e professor de Mist\u00e9rio de Cristo, atualmente assume as mat\u00e9rias de teologia da vida religiosa e espiritualidade. Ordenado sacerdote em 1988, tem dedicado sua vida preferencialmente \u00ed\u00a0 evangeliza\u00e7\u00e3o da juventude, assessorando cursos e outros encontros nas \u00e1reas de forma\u00e7\u00e3o humana, de viv\u00eancia e aprofundamento da f\u00e9, de ecologia e de capacita\u00e7\u00e3o t\u00e9cnica e pedag\u00f3gica na linha da educa\u00e7\u00e3o libertadora no Cear\u00e1, em Minas Gerais e em Portugal. Assessor da Confer\u00eancia dos Religiosos do Brasil (CRB-Fortaleza e CRB-Recife). J\u00e1 publicou pela PAULUS Crescendo com o eneagrama na espiritualidade, Que imagem de Deus \u00e9 voc\u00ea e Quem \u00e9 voc\u00ea? (os dois \u00faltimos em parceria com Lu\u00ed\u00ads Carlos).<\/p>\n<p style=\"text-align: justify;\">Fonte: http:\/\/www.paulus.com.br\/imprensa\/detalha_materias.php?id=1936<\/p>\n","protected":false},"excerpt":{"rendered":"<p>Autor: Domingos Cunha, CSh Acabamento: brochura Formato: 21 x 13,5 &#8211; p\u00e1ginas &#8211; R$10,00 \u00ed\u0081reas de interesse: Teologia, Espiritualidade. P\u00fablico-alvo: leigos, religiosos, sacerdotes e interessados no assunto. NOVA OBRA INTRODUZ E ENCORAJA AS PESSOAS \u00ed\u20ac PR\u00ed\u0081TICA DA MEDITA\u00ed\u2021\u00ed\u0192O Em um mundo onde as pessoas vivem apressadas, estressadas, bombardeadas de informa\u00e7\u00f5es a todo o tempo e &hellip; <a href=\"https:\/\/nalua.in\/blog\/meditacao-crista-uma-oracao-integradora\/\" class=\"more-link\">Continuar lendo <span class=\"screen-reader-text\">Medita\u00e7\u00e3o Crist\u00e3 &#8211; Uma Ora\u00e7\u00e3o Integradora<\/span><\/a><\/p>\n","protected":false},"author":1,"featured_media":0,"comment_status":"open","ping_status":"open","sticky":false,"template":"","format":"standard","meta":{"footnotes":""},"categories":[32,38,44,51],"tags":[],"class_list":["post-1121","post","type-post","status-publish","format-standard","hentry","category-geral","category-leituras","category-livros","category-meditacao"],"_links":{"self":[{"href":"https:\/\/nalua.in\/blog\/wp-json\/wp\/v2\/posts\/1121","targetHints":{"allow":["GET"]}}],"collection":[{"href":"https:\/\/nalua.in\/blog\/wp-json\/wp\/v2\/posts"}],"about":[{"href":"https:\/\/nalua.in\/blog\/wp-json\/wp\/v2\/types\/post"}],"author":[{"embeddable":true,"href":"https:\/\/nalua.in\/blog\/wp-json\/wp\/v2\/users\/1"}],"replies":[{"embeddable":true,"href":"https:\/\/nalua.in\/blog\/wp-json\/wp\/v2\/comments?post=1121"}],"version-history":[{"count":0,"href":"https:\/\/nalua.in\/blog\/wp-json\/wp\/v2\/posts\/1121\/revisions"}],"wp:attachment":[{"href":"https:\/\/nalua.in\/blog\/wp-json\/wp\/v2\/media?parent=1121"}],"wp:term":[{"taxonomy":"category","embeddable":true,"href":"https:\/\/nalua.in\/blog\/wp-json\/wp\/v2\/categories?post=1121"},{"taxonomy":"post_tag","embeddable":true,"href":"https:\/\/nalua.in\/blog\/wp-json\/wp\/v2\/tags?post=1121"}],"curies":[{"name":"wp","href":"https:\/\/api.w.org\/{rel}","templated":true}]}}