{"id":1007,"date":"2005-11-03T23:15:00","date_gmt":"2005-11-03T23:15:00","guid":{"rendered":"http:\/\/nalu.wordpress.com\/2005\/11\/03\/fase-de-manutencao"},"modified":"2005-11-03T23:15:00","modified_gmt":"2005-11-03T23:15:00","slug":"fase-de-manutencao","status":"publish","type":"post","link":"https:\/\/nalua.in\/blog\/fase-de-manutencao\/","title":{"rendered":"Fase de Manuten\u00e7\u00e3o"},"content":{"rendered":"<div align=\"center\"><a href=\"http:\/\/www.tickerfactory.com\/\"><br \/><img loading=\"lazy\" decoding=\"async\" border=\"0\" height=\"48\" src=\"http:\/\/tickers.TickerFactory.com\/ezt\/d\/3;29;5;1;1\/c\/85\/t\/65\/s\/90\/k\/27d7\/weight.png\" width=\"320\" \/><\/a><\/div>\n<div align=\"justify\">Por enquanto estamos em fase de manuten\u00e7\u00e3o&#8230;<br \/>Estamos tentando arrumar a casinha, e acertar com uma dieta.Est\u00e1 dif\u00ed\u00adcil, porque o meu cansa\u00e7o chega a n\u00ed\u00adveis alarmantes, mas n\u00e3o vou desistir. N\u00e3o dessa vez. N\u00e3o posso.Preciso come\u00e7ar a me cuidar, ent\u00e3o o mais tardar segunda-feira estaremos come\u00e7ando aqui e na dieta pra valer. N\u00e3o que eu esteja cometendo excessos, longe disso, mas ainda n\u00e3o decidi se sigo os pontos, se me inscrevo no VP, se tomo rem\u00e9dio&#8230;Estou tendendo a fazer a dieta dos pontos, vou tentar uns dias e ver se me acerto com ela. Enquanto isso, vou me animando, tem muito blog light legal, muita inspira\u00e7\u00e3o. Achei s\u00f3 uma pena agora que eu resolvi ser light a blogosfera n\u00e3o estar ativa. Mas como cada um tem seu momento e eu acho que agora \u00e9 o meu, vamos l\u00e1, bola pra frente e ver no que d\u00e1.<\/div>\n","protected":false},"excerpt":{"rendered":"<p>Por enquanto estamos em fase de manuten\u00e7\u00e3o&#8230;Estamos tentando arrumar a casinha, e acertar com uma dieta.Est\u00e1 dif\u00ed\u00adcil, porque o meu cansa\u00e7o chega a n\u00ed\u00adveis alarmantes, mas n\u00e3o vou desistir. N\u00e3o dessa vez. N\u00e3o posso.Preciso come\u00e7ar a me cuidar, ent\u00e3o o mais tardar segunda-feira estaremos come\u00e7ando aqui e na dieta pra valer. N\u00e3o que eu esteja &hellip; <a href=\"https:\/\/nalua.in\/blog\/fase-de-manutencao\/\" class=\"more-link\">Continuar lendo <span class=\"screen-reader-text\">Fase de Manuten\u00e7\u00e3o<\/span><\/a><\/p>\n","protected":false},"author":1,"featured_media":0,"comment_status":"open","ping_status":"open","sticky":false,"template":"","format":"standard","meta":{"footnotes":""},"categories":[24],"tags":[],"class_list":["post-1007","post","type-post","status-publish","format-standard","hentry","category-eu"],"_links":{"self":[{"href":"https:\/\/nalua.in\/blog\/wp-json\/wp\/v2\/posts\/1007","targetHints":{"allow":["GET"]}}],"collection":[{"href":"https:\/\/nalua.in\/blog\/wp-json\/wp\/v2\/posts"}],"about":[{"href":"https:\/\/nalua.in\/blog\/wp-json\/wp\/v2\/types\/post"}],"author":[{"embeddable":true,"href":"https:\/\/nalua.in\/blog\/wp-json\/wp\/v2\/users\/1"}],"replies":[{"embeddable":true,"href":"https:\/\/nalua.in\/blog\/wp-json\/wp\/v2\/comments?post=1007"}],"version-history":[{"count":0,"href":"https:\/\/nalua.in\/blog\/wp-json\/wp\/v2\/posts\/1007\/revisions"}],"wp:attachment":[{"href":"https:\/\/nalua.in\/blog\/wp-json\/wp\/v2\/media?parent=1007"}],"wp:term":[{"taxonomy":"category","embeddable":true,"href":"https:\/\/nalua.in\/blog\/wp-json\/wp\/v2\/categories?post=1007"},{"taxonomy":"post_tag","embeddable":true,"href":"https:\/\/nalua.in\/blog\/wp-json\/wp\/v2\/tags?post=1007"}],"curies":[{"name":"wp","href":"https:\/\/api.w.org\/{rel}","templated":true}]}}